{"id":13113,"date":"2024-08-22T09:32:23","date_gmt":"2024-08-22T07:32:23","guid":{"rendered":"https:\/\/www.sarobeurnieta.eus\/?p=13113"},"modified":"2024-08-30T09:15:12","modified_gmt":"2024-08-30T07:15:12","slug":"consume-cultura","status":"publish","type":"post","link":"https:\/\/www.sarobeurnieta.eus\/es\/consume-cultura\/","title":{"rendered":"\u00a1Consume Cultura!"},"content":{"rendered":"\n<p>\u00bfPreparada\/o para la nueva temporada cultural?<\/p>\n\n\n\n<p>Al final del verano, damos comienzo a una nueva temporada. Te invitamos a disfrutar de una cartelera repleta de espect\u00e1culos y eventos culturales muy interesantes.<br>Arrancaremos septiembre con el ensayo abierto al p\u00fablico de  la obra dram\u00e1tica <strong>\u201c\u00bfD\u00f3nde est\u00e1n los ni\u00f1os?\u201d<\/strong>  que aborda el tema del bullying o los suicidios en edades tempranas, y nos advierten de una realidad inc\u00f3moda porque evidencian, sobre todo, que los m\u00e1s peque\u00f1os no son ajenos a la crudeza del sistema.<br><\/p>\n\n\n\n<p>Sarobe acoger\u00e1 asimismo el Cinef\u00f3rum del film ganador del Premio Sebastiane Latino <strong>\u201cTransfariana, un monstruo grande\u201d<\/strong>. Tras la proyecci\u00f3n de la pel\u00edcula contaremos con la presencia de un persona activista LGTBI+ colombiana que relatar\u00e1 la situaci\u00f3n de las personas del colectivo.<\/p>\n\n\n\n<p>Finalizaremos el mes con la novena edici\u00f3n de<strong> Mendi Tour Urnieta <\/strong>que trae la inspiraci\u00f3n y la acci\u00f3n del cine de monta\u00f1a: La programaci\u00f3n de este a\u00f1o se completa con maravillosas pel\u00edculas que abordan temas como la monta\u00f1a, la aventura, los deportes extremos o la naturaleza.<\/p>\n\n\n\n<p>El \u00faltimo fin de semana de octubre, algunos de los grupos que integran la escena amateur guipuzcoana presentar\u00e1n su trabajo en el escenario de Sarobe. Este espacio tambi\u00e9n busca acoger al teatro de base que enfrenta dificultades para acceder a escenarios m\u00e1s all\u00e1 de sus localidades. Participar\u00e1n Nueve Teatro, con la obra <strong>\u201cAlguien vol\u00f3 sobre el nido del cuco\u201d<\/strong>, y la veterana compa\u00f1\u00eda Teatro Estudio San Sebasti\u00e1n, con la presentaci\u00f3n de <strong>\u201cLa cantante calva\u201d.<\/strong><\/p>\n\n\n\n<p>La compa\u00f1\u00eda residente de Sarobe Aukeran DK completar\u00e1 la programaci\u00f3n del mes con el preestreno de la obra <strong>\u00abAmama\u00bb<\/strong>. En junio, present\u00f3 parte de esta producci\u00f3n en formato \u00abwork in progress\u00bb, anticipando un espect\u00e1culo de danza familiar de gran calidad. Esta vez, podremos disfrutar de un trabajo pr\u00e1cticamente listo para ser mostrado al p\u00fablico.<\/p>\n\n\n\n<p>Completaremos la programaci\u00f3n familiar de la compa\u00f1\u00eda Ganso &amp; Cia que presentar\u00e1n el espect\u00e1culo <strong>\u201cMuna\u201d<\/strong>, obra sin texto, especialmente dirigida a las ni\u00f1as\/os de 2 a 6 a\u00f1os.<\/p>\n\n\n\n<p>Para finalizar, contaremos con dos citas ineludibles:<br>La funci\u00f3n de la obra <strong>\u201cMira hadi\u201d <\/strong>con motivo del D\u00eda Internacional de la Eliminaci\u00f3n de la Violencia contra la Mujer. Esta pieza nos mostrar\u00e1 la vida de la pionera y extraordinaria fot\u00f3grafa etnogr\u00e1fica Eulalia Abaitua.<br>Asimismo, y para celebrar el D\u00eda Internacional del Euskera, tendremos la oportunidad de asistir a una de las primeras funciones de la adaptaci\u00f3n al teatro de <strong>\u201cMi\u00f1an\u201d<\/strong>, de Amets Arzallus e Ibrahima Balde. La compa\u00f1\u00eda Artedrama pondr\u00e1 en escena la cr\u00f3nica del viaje de Ibrahima Balde desde \u00c1frica a Europa, abordando temas tan cruciales como la migraci\u00f3n y el racismo.<\/p>\n\n\n\n<p>Finalizaremos la temporada con la obra <strong>\u201cHeisemberg\u201d <\/strong>de Simon Stephens, uno de los dramaturgos ingleses m\u00e1s premiados y estrenados de este principio de siglo. Ser\u00e1 la primera vez que se estrene una obra suya en euskera, lo que supone un hito importante para la escena teatral. Esta producci\u00f3n correr\u00e1 a cargo de la veterana compa\u00f1\u00eda Tanttaka con la participaci\u00f3n de reconocidos profesionales, tanto art\u00edsticos como t\u00e9cnicos, habituales en las producciones de la compa\u00f1\u00eda.<\/p>\n\n\n\n<p><strong>\u00a1Buen provecho!<\/strong><\/p>\n","protected":false},"excerpt":{"rendered":"<p>\u00bfPreparada\/o para la nueva temporada cultural? Al final del verano, damos comienzo a una nueva temporada. Te invitamos a disfrutar de una cartelera repleta de espect\u00e1culos y eventos culturales muy interesantes.Arrancaremos septiembre con &#8230; <\/p>\n<p class=\"read-more-container\"><a title=\"\u00a1Consume Cultura!\" class=\"read-more button\" href=\"https:\/\/www.sarobeurnieta.eus\/es\/consume-cultura\/#more-13113\" aria-label=\"Leer m\u00e1s sobre \u00a1Consume Cultura!\">Saber m\u00e1s<\/a><\/p>\n","protected":false},"author":3,"featured_media":13126,"comment_status":"closed","ping_status":"closed","sticky":false,"template":"","format":"standard","meta":{"_acf_changed":false,"inline_featured_image":false,"_EventAllDay":false,"_EventTimezone":"","_EventStartDate":"","_EventEndDate":"","_EventStartDateUTC":"","_EventEndDateUTC":"","_EventShowMap":false,"_EventShowMapLink":false,"_EventURL":"","_EventCost":"","_EventCostDescription":"","_EventCurrencySymbol":"","_EventCurrencyCode":"","_EventCurrencyPosition":"","_EventDateTimeSeparator":"","_EventTimeRangeSeparator":"","_EventOrganizerID":[],"_EventVenueID":[],"_OrganizerEmail":"","_OrganizerPhone":"","_OrganizerWebsite":"","_VenueAddress":"","_VenueCity":"","_VenueCountry":"","_VenueProvince":"","_VenueState":"","_VenueZip":"","_VenuePhone":"","_VenueURL":"","_VenueStateProvince":"","_VenueLat":"","_VenueLng":"","_VenueShowMap":false,"_VenueShowMapLink":false,"footnotes":""},"categories":[102],"tags":[],"class_list":["post-13113","post","type-post","status-publish","format-standard","has-post-thumbnail","hentry","category-fabrika-es-2","generate-columns","tablet-grid-50","mobile-grid-100","grid-parent","grid-50","resize-featured-image"],"acf":[],"_links":{"self":[{"href":"https:\/\/www.sarobeurnieta.eus\/es\/wp-json\/wp\/v2\/posts\/13113","targetHints":{"allow":["GET"]}}],"collection":[{"href":"https:\/\/www.sarobeurnieta.eus\/es\/wp-json\/wp\/v2\/posts"}],"about":[{"href":"https:\/\/www.sarobeurnieta.eus\/es\/wp-json\/wp\/v2\/types\/post"}],"author":[{"embeddable":true,"href":"https:\/\/www.sarobeurnieta.eus\/es\/wp-json\/wp\/v2\/users\/3"}],"replies":[{"embeddable":true,"href":"https:\/\/www.sarobeurnieta.eus\/es\/wp-json\/wp\/v2\/comments?post=13113"}],"version-history":[{"count":1,"href":"https:\/\/www.sarobeurnieta.eus\/es\/wp-json\/wp\/v2\/posts\/13113\/revisions"}],"predecessor-version":[{"id":13312,"href":"https:\/\/www.sarobeurnieta.eus\/es\/wp-json\/wp\/v2\/posts\/13113\/revisions\/13312"}],"wp:featuredmedia":[{"embeddable":true,"href":"https:\/\/www.sarobeurnieta.eus\/es\/wp-json\/wp\/v2\/media\/13126"}],"wp:attachment":[{"href":"https:\/\/www.sarobeurnieta.eus\/es\/wp-json\/wp\/v2\/media?parent=13113"}],"wp:term":[{"taxonomy":"category","embeddable":true,"href":"https:\/\/www.sarobeurnieta.eus\/es\/wp-json\/wp\/v2\/categories?post=13113"},{"taxonomy":"post_tag","embeddable":true,"href":"https:\/\/www.sarobeurnieta.eus\/es\/wp-json\/wp\/v2\/tags?post=13113"}],"curies":[{"name":"wp","href":"https:\/\/api.w.org\/{rel}","templated":true}]}}