{"id":13534,"date":"2024-10-31T09:51:03","date_gmt":"2024-10-31T08:51:03","guid":{"rendered":"https:\/\/www.sarobeurnieta.eus\/?p=13534"},"modified":"2024-10-31T11:50:32","modified_gmt":"2024-10-31T10:50:32","slug":"amama-las-los-participantes-tras-el-telon","status":"publish","type":"post","link":"https:\/\/www.sarobeurnieta.eus\/es\/amama-las-los-participantes-tras-el-telon\/","title":{"rendered":"Las\/los participantes de \u00abAmama\u00bb tr\u00e1s el tel\u00f3n"},"content":{"rendered":"<div class=\"gb-container gb-container-9acfdee8\">\n\n<p>Aukeran Dantza Konpainia, compa\u00f1\u00eda residente en Sarobe, ha realizado en el teatro la residencia art\u00edstico-t\u00e9cnica de su \u00faltimo proyecto. Todo el equipo se ha volcado y comprometido en desarrollar todos los elementos que intervienen en la obra y afinar hasta el \u00faltimo detalle lo que pronto mostrar\u00e1n ante el p\u00fablico.<\/p>\n\n\n\n<figure class=\"wp-block-embed is-type-video is-provider-youtube wp-block-embed-youtube wp-embed-aspect-16-9 wp-has-aspect-ratio\"><div class=\"wp-block-embed__wrapper\">\n<iframe loading=\"lazy\" title=\"AMAMA -Aukeran DK- egonaldia Saroben\" width=\"1200\" height=\"675\" src=\"https:\/\/www.youtube.com\/embed\/gazEzsnT470?feature=oembed\" frameborder=\"0\" allow=\"accelerometer; autoplay; clipboard-write; encrypted-media; gyroscope; picture-in-picture; web-share\" referrerpolicy=\"strict-origin-when-cross-origin\" allowfullscreen><\/iframe>\n<\/div><\/figure>\n\n<\/div>\n\n\n<p><\/p>\n\n\n\n<p><\/p>\n\n\n\n<p><\/p>\n","protected":false},"excerpt":{"rendered":"<p>Aukeran Dantza Konpainia, compa\u00f1\u00eda residente en Sarobe, ha realizado en el teatro la residencia art\u00edstico-t\u00e9cnica de su \u00faltimo proyecto. Todo el equipo se ha volcado y comprometido en desarrollar todos los elementos que &#8230; <\/p>\n<p class=\"read-more-container\"><a title=\"Las\/los participantes de \u00abAmama\u00bb tr\u00e1s el tel\u00f3n\" class=\"read-more button\" href=\"https:\/\/www.sarobeurnieta.eus\/es\/amama-las-los-participantes-tras-el-telon\/#more-13534\" aria-label=\"Leer m\u00e1s sobre Las\/los participantes de \u00abAmama\u00bb tr\u00e1s el tel\u00f3n\">Saber m\u00e1s<\/a><\/p>\n","protected":false},"author":3,"featured_media":13532,"comment_status":"closed","ping_status":"closed","sticky":false,"template":"","format":"standard","meta":{"_acf_changed":false,"inline_featured_image":false,"_EventAllDay":false,"_EventTimezone":"","_EventStartDate":"","_EventEndDate":"","_EventStartDateUTC":"","_EventEndDateUTC":"","_EventShowMap":false,"_EventShowMapLink":false,"_EventURL":"","_EventCost":"","_EventCostDescription":"","_EventCurrencySymbol":"","_EventCurrencyCode":"","_EventCurrencyPosition":"","_EventDateTimeSeparator":"","_EventTimeRangeSeparator":"","_EventOrganizerID":[],"_EventVenueID":[],"_OrganizerEmail":"","_OrganizerPhone":"","_OrganizerWebsite":"","_VenueAddress":"","_VenueCity":"","_VenueCountry":"","_VenueProvince":"","_VenueState":"","_VenueZip":"","_VenuePhone":"","_VenueURL":"","_VenueStateProvince":"","_VenueLat":"","_VenueLng":"","_VenueShowMap":false,"_VenueShowMapLink":false,"footnotes":""},"categories":[1],"tags":[],"class_list":["post-13534","post","type-post","status-publish","format-standard","has-post-thumbnail","hentry","category-sin-categorizar","generate-columns","tablet-grid-50","mobile-grid-100","grid-parent","grid-50","resize-featured-image"],"acf":[],"_links":{"self":[{"href":"https:\/\/www.sarobeurnieta.eus\/es\/wp-json\/wp\/v2\/posts\/13534","targetHints":{"allow":["GET"]}}],"collection":[{"href":"https:\/\/www.sarobeurnieta.eus\/es\/wp-json\/wp\/v2\/posts"}],"about":[{"href":"https:\/\/www.sarobeurnieta.eus\/es\/wp-json\/wp\/v2\/types\/post"}],"author":[{"embeddable":true,"href":"https:\/\/www.sarobeurnieta.eus\/es\/wp-json\/wp\/v2\/users\/3"}],"replies":[{"embeddable":true,"href":"https:\/\/www.sarobeurnieta.eus\/es\/wp-json\/wp\/v2\/comments?post=13534"}],"version-history":[{"count":2,"href":"https:\/\/www.sarobeurnieta.eus\/es\/wp-json\/wp\/v2\/posts\/13534\/revisions"}],"predecessor-version":[{"id":13539,"href":"https:\/\/www.sarobeurnieta.eus\/es\/wp-json\/wp\/v2\/posts\/13534\/revisions\/13539"}],"wp:featuredmedia":[{"embeddable":true,"href":"https:\/\/www.sarobeurnieta.eus\/es\/wp-json\/wp\/v2\/media\/13532"}],"wp:attachment":[{"href":"https:\/\/www.sarobeurnieta.eus\/es\/wp-json\/wp\/v2\/media?parent=13534"}],"wp:term":[{"taxonomy":"category","embeddable":true,"href":"https:\/\/www.sarobeurnieta.eus\/es\/wp-json\/wp\/v2\/categories?post=13534"},{"taxonomy":"post_tag","embeddable":true,"href":"https:\/\/www.sarobeurnieta.eus\/es\/wp-json\/wp\/v2\/tags?post=13534"}],"curies":[{"name":"wp","href":"https:\/\/api.w.org\/{rel}","templated":true}]}}