{"id":14116,"date":"2025-03-31T11:09:56","date_gmt":"2025-03-31T09:09:56","guid":{"rendered":"https:\/\/www.sarobeurnieta.eus\/?p=14116"},"modified":"2025-03-31T11:55:42","modified_gmt":"2025-03-31T09:55:42","slug":"vaiven-producciones-baja-el-telon","status":"publish","type":"post","link":"https:\/\/www.sarobeurnieta.eus\/es\/vaiven-producciones-baja-el-telon\/","title":{"rendered":"Vaiven Producciones baja el tel\u00f3n"},"content":{"rendered":"\n<p><\/p>\n\n\n\n<p>Vaiv\u00e9n Producciones, referente indiscutible del teatro vasco con cerca de 30 a\u00f1os de trayectoria, pone fin a su andadura sobre los escenarios. El cierre definitivo se debe a la grave crisis que atraviesa el sector de las artes esc\u00e9nicas. que ha impactado de manera particular a las compa\u00f1\u00edas de larga trayectoria.<br>Con m\u00e1s de 40 espect\u00e1culos en su haber y dos premios Donostia de Teatro, la compa\u00f1\u00eda deja un vac\u00edo significativo en la escena cultural del Pa\u00eds Vasco.<\/p>\n\n\n\n<p>Sarobe ha sido testigo de su trayectoria, compartiendo su pasi\u00f3n, nervio y profesionalidad a lo largo de los a\u00f1os. Desde 1998 hasta 2024, Vaiv\u00e9n Producciones ha desarrollado parte de sus proyectos esc\u00e9nicos en el apartado SarobeFabrika, ofreciendo al p\u00fablico de Urnieta el privilegio de disfrutar de sus preestrenos. \u00a1Un aut\u00e9ntico lujo!<\/p>\n\n\n\n<p>A continuaci\u00f3n, hacemos un recorrido por las obras que la compa\u00f1\u00eda ha montado en Sarobe:<\/p>\n\n\n\n<ul class=\"wp-block-list\">\n<li>\u00abMasustondoen patioa\u00bb, \u00abFamilia sarekada\u00bb, \u00abNi munduko txarrena\u00bb, \u00abSherezade eta tipularen azalak\u00bb, \u00abLotsagabe\u00bb, \u00abHappy end\u00bb, \u00abPurga\u00bb, \u00abDuda razonable\u00bb, \u00abEl club de las mujeres invisibles\u00bb, \u00abInalambrikak\u00bb, \u00abAnt\u00edgona\u00bb, \u00abNasdrovia Chejov\u00bb, \u00abEduardo II\u00bb, \u00abVictor Bevch\u00bb, \u00abA cuestas con Murphy\u00bb, \u00abCr\u00edmenes del coraz\u00f3n\u00bb, \u00abLa coraje\u00bb.<\/li>\n<\/ul>\n\n\n\n<p>Sin duda, la huella innegable del trabajo de Vaiv\u00e9n queda impregnada en cada rinc\u00f3n de nuestro escenario y su estela perdurar\u00e1 en la memoria del gran p\u00fablico.<\/p>\n\n\n\n<p>No es casualidad el significado de la palabra \u201cVaiv\u00e9n\u00bb que evoca conceptos estrechamente ligados a la actividad art\u00edstica, como la inestabilidad, el nomadismo, la oscilaci\u00f3n y el constante ir y venir. Con ese esp\u00edritu han transitado hasta este dif\u00edcil momento, por ello, estaremos atentas a su \u00faltimo bolo de despedida, que cerrar\u00e1 su trayectoria con un broche de oro, permiti\u00e9ndonos brindarles un merecido aplauso final.<\/p>\n\n\n\n<p>Eskerrik asko, Vaiven Producciones\u2026 en otros lares nos veremos.<\/p>\n","protected":false},"excerpt":{"rendered":"<p>Vaiv\u00e9n Producciones, referente indiscutible del teatro vasco con cerca de 30 a\u00f1os de trayectoria, pone fin a su andadura sobre los escenarios. El cierre definitivo se debe a la grave crisis que atraviesa &#8230; <\/p>\n<p class=\"read-more-container\"><a title=\"Vaiven Producciones baja el tel\u00f3n\" class=\"read-more button\" href=\"https:\/\/www.sarobeurnieta.eus\/es\/vaiven-producciones-baja-el-telon\/#more-14116\" aria-label=\"Leer m\u00e1s sobre Vaiven Producciones baja el tel\u00f3n\">Saber m\u00e1s<\/a><\/p>\n","protected":false},"author":3,"featured_media":14114,"comment_status":"closed","ping_status":"closed","sticky":false,"template":"","format":"standard","meta":{"_acf_changed":false,"inline_featured_image":false,"_EventAllDay":false,"_EventTimezone":"","_EventStartDate":"","_EventEndDate":"","_EventStartDateUTC":"","_EventEndDateUTC":"","_EventShowMap":false,"_EventShowMapLink":false,"_EventURL":"","_EventCost":"","_EventCostDescription":"","_EventCurrencySymbol":"","_EventCurrencyCode":"","_EventCurrencyPosition":"","_EventDateTimeSeparator":"","_EventTimeRangeSeparator":"","_EventOrganizerID":[],"_EventVenueID":[],"_OrganizerEmail":"","_OrganizerPhone":"","_OrganizerWebsite":"","_VenueAddress":"","_VenueCity":"","_VenueCountry":"","_VenueProvince":"","_VenueState":"","_VenueZip":"","_VenuePhone":"","_VenueURL":"","_VenueStateProvince":"","_VenueLat":"","_VenueLng":"","_VenueShowMap":false,"_VenueShowMapLink":false,"footnotes":""},"categories":[1],"tags":[],"class_list":["post-14116","post","type-post","status-publish","format-standard","has-post-thumbnail","hentry","category-sin-categorizar","generate-columns","tablet-grid-50","mobile-grid-100","grid-parent","grid-50","resize-featured-image"],"acf":[],"_links":{"self":[{"href":"https:\/\/www.sarobeurnieta.eus\/es\/wp-json\/wp\/v2\/posts\/14116","targetHints":{"allow":["GET"]}}],"collection":[{"href":"https:\/\/www.sarobeurnieta.eus\/es\/wp-json\/wp\/v2\/posts"}],"about":[{"href":"https:\/\/www.sarobeurnieta.eus\/es\/wp-json\/wp\/v2\/types\/post"}],"author":[{"embeddable":true,"href":"https:\/\/www.sarobeurnieta.eus\/es\/wp-json\/wp\/v2\/users\/3"}],"replies":[{"embeddable":true,"href":"https:\/\/www.sarobeurnieta.eus\/es\/wp-json\/wp\/v2\/comments?post=14116"}],"version-history":[{"count":2,"href":"https:\/\/www.sarobeurnieta.eus\/es\/wp-json\/wp\/v2\/posts\/14116\/revisions"}],"predecessor-version":[{"id":14134,"href":"https:\/\/www.sarobeurnieta.eus\/es\/wp-json\/wp\/v2\/posts\/14116\/revisions\/14134"}],"wp:featuredmedia":[{"embeddable":true,"href":"https:\/\/www.sarobeurnieta.eus\/es\/wp-json\/wp\/v2\/media\/14114"}],"wp:attachment":[{"href":"https:\/\/www.sarobeurnieta.eus\/es\/wp-json\/wp\/v2\/media?parent=14116"}],"wp:term":[{"taxonomy":"category","embeddable":true,"href":"https:\/\/www.sarobeurnieta.eus\/es\/wp-json\/wp\/v2\/categories?post=14116"},{"taxonomy":"post_tag","embeddable":true,"href":"https:\/\/www.sarobeurnieta.eus\/es\/wp-json\/wp\/v2\/tags?post=14116"}],"curies":[{"name":"wp","href":"https:\/\/api.w.org\/{rel}","templated":true}]}}