{"id":14394,"date":"2025-07-29T13:05:53","date_gmt":"2025-07-29T11:05:53","guid":{"rendered":"https:\/\/www.sarobeurnieta.eus\/?p=14394"},"modified":"2025-07-29T13:05:55","modified_gmt":"2025-07-29T11:05:55","slug":"en-septiembre-toca-apuntarse","status":"publish","type":"post","link":"https:\/\/www.sarobeurnieta.eus\/es\/en-septiembre-toca-apuntarse\/","title":{"rendered":"En septiembre toca apuntarse"},"content":{"rendered":"\n<p><\/p>\n\n\n\n<p>Un peque\u00f1o cambio en el calendario, muchas llamadas para resolver dudas sobre los cursos de Sarobe\u2026 y el nuevo curso empieza ya a tomar forma.<\/p>\n\n\n\n<p>Las salas est\u00e1n en pausa, el ritmo es m\u00e1s lento y el edificio respira ese silencio veraniego tan especial. Sin embargo, el pr\u00f3ximo curso ya se asoma, y viene con algunas novedades importantes.<\/p>\n\n\n\n<p>Como algunas personas usuarias ya saben \u2014y otras est\u00e1n descubriendo a trav\u00e9s de las numerosas llamadas que hemos recibido en estos d\u00edas\u2014, este a\u00f1o la matr\u00edcula no se ha realizado en junio, como era habitual para quienes deseaban continuar con sus cursos. En esta ocasi\u00f3n, el per\u00edodo de inscripci\u00f3n ser\u00e1 en <strong>septiembre<\/strong>, momento en el que se publicar\u00e1 toda la informaci\u00f3n detallada: horarios, grupos.<\/p>\n\n\n\n<p>Mientras tanto, disfruta del verano y permanece atento\/a a nuestras redes y web. En septiembre te esperamos con toda la informaci\u00f3n actualizada\u2026As\u00ed que\u2026 \u00a1corre la voz! <strong>En septiembre toca apuntarse.<\/strong><\/p>\n\n\n\n<p><\/p>\n","protected":false},"excerpt":{"rendered":"<p>Un peque\u00f1o cambio en el calendario, muchas llamadas para resolver dudas sobre los cursos de Sarobe\u2026 y el nuevo curso empieza ya a tomar forma. Las salas est\u00e1n en pausa, el ritmo es &#8230; <\/p>\n<p class=\"read-more-container\"><a title=\"En septiembre toca apuntarse\" class=\"read-more button\" href=\"https:\/\/www.sarobeurnieta.eus\/es\/en-septiembre-toca-apuntarse\/#more-14394\" aria-label=\"Leer m\u00e1s sobre En septiembre toca apuntarse\">Saber m\u00e1s<\/a><\/p>\n","protected":false},"author":3,"featured_media":14397,"comment_status":"closed","ping_status":"closed","sticky":false,"template":"","format":"standard","meta":{"_acf_changed":false,"inline_featured_image":false,"_EventAllDay":false,"_EventTimezone":"","_EventStartDate":"","_EventEndDate":"","_EventStartDateUTC":"","_EventEndDateUTC":"","_EventShowMap":false,"_EventShowMapLink":false,"_EventURL":"","_EventCost":"","_EventCostDescription":"","_EventCurrencySymbol":"","_EventCurrencyCode":"","_EventCurrencyPosition":"","_EventDateTimeSeparator":"","_EventTimeRangeSeparator":"","_EventOrganizerID":[],"_EventVenueID":[],"_OrganizerEmail":"","_OrganizerPhone":"","_OrganizerWebsite":"","_VenueAddress":"","_VenueCity":"","_VenueCountry":"","_VenueProvince":"","_VenueState":"","_VenueZip":"","_VenuePhone":"","_VenueURL":"","_VenueStateProvince":"","_VenueLat":"","_VenueLng":"","_VenueShowMap":false,"_VenueShowMapLink":false,"footnotes":""},"categories":[1],"tags":[],"class_list":["post-14394","post","type-post","status-publish","format-standard","has-post-thumbnail","hentry","category-sin-categorizar","generate-columns","tablet-grid-50","mobile-grid-100","grid-parent","grid-50","resize-featured-image"],"acf":[],"_links":{"self":[{"href":"https:\/\/www.sarobeurnieta.eus\/es\/wp-json\/wp\/v2\/posts\/14394","targetHints":{"allow":["GET"]}}],"collection":[{"href":"https:\/\/www.sarobeurnieta.eus\/es\/wp-json\/wp\/v2\/posts"}],"about":[{"href":"https:\/\/www.sarobeurnieta.eus\/es\/wp-json\/wp\/v2\/types\/post"}],"author":[{"embeddable":true,"href":"https:\/\/www.sarobeurnieta.eus\/es\/wp-json\/wp\/v2\/users\/3"}],"replies":[{"embeddable":true,"href":"https:\/\/www.sarobeurnieta.eus\/es\/wp-json\/wp\/v2\/comments?post=14394"}],"version-history":[{"count":2,"href":"https:\/\/www.sarobeurnieta.eus\/es\/wp-json\/wp\/v2\/posts\/14394\/revisions"}],"predecessor-version":[{"id":14410,"href":"https:\/\/www.sarobeurnieta.eus\/es\/wp-json\/wp\/v2\/posts\/14394\/revisions\/14410"}],"wp:featuredmedia":[{"embeddable":true,"href":"https:\/\/www.sarobeurnieta.eus\/es\/wp-json\/wp\/v2\/media\/14397"}],"wp:attachment":[{"href":"https:\/\/www.sarobeurnieta.eus\/es\/wp-json\/wp\/v2\/media?parent=14394"}],"wp:term":[{"taxonomy":"category","embeddable":true,"href":"https:\/\/www.sarobeurnieta.eus\/es\/wp-json\/wp\/v2\/categories?post=14394"},{"taxonomy":"post_tag","embeddable":true,"href":"https:\/\/www.sarobeurnieta.eus\/es\/wp-json\/wp\/v2\/tags?post=14394"}],"curies":[{"name":"wp","href":"https:\/\/api.w.org\/{rel}","templated":true}]}}