{"id":15438,"date":"2026-04-30T10:36:13","date_gmt":"2026-04-30T08:36:13","guid":{"rendered":"https:\/\/www.sarobeurnieta.eus\/?p=15438"},"modified":"2026-04-30T10:38:30","modified_gmt":"2026-04-30T08:38:30","slug":"el-inicio-de-un-viaje-musical","status":"publish","type":"post","link":"https:\/\/www.sarobeurnieta.eus\/es\/el-inicio-de-un-viaje-musical\/","title":{"rendered":"El inicio de un viaje musical"},"content":{"rendered":"\n<p><\/p>\n\n\n\n<p>Cada a\u00f1o, el escenario de Sarobe acoge una cita muy especial: los conciertos pedag\u00f3gicos de la Musika Eskola \u2013 Lourdes Iriondo. Esta iniciativa acerca los instrumentos y ritmos al alumnado de HH5, LH1 y LH2 de Magale y Egape Ikastola de una forma cercana y estimulante, invit\u00e1ndoles a vivir la m\u00fasica de manera activa y a descubrir este lenguaje universal.<\/p>\n\n\n\n<p>Para ello, el profesorado dise\u00f1a tem\u00e1ticas que conectan con su imaginario, como \u201cTxapela buruan eta ibili munduan\u201d, \u201cIpuinak\u201d o \u201cZirkoa\u201d. Durante estas sesiones se realizan audiciones activas combinadas con explicaciones amenas, haciendo part\u00edcipe al p\u00fablico invitado y generando una conexi\u00f3n inmediata.<\/p>\n\n\n<div class=\"gb-grid-wrapper gb-grid-wrapper-103415a3\">\n<div class=\"gb-grid-column gb-grid-column-f9c60d73\"><div class=\"gb-container gb-container-f9c60d73\">\n\n<figure class=\"wp-block-image size-large\"><img loading=\"lazy\" decoding=\"async\" width=\"1024\" height=\"576\" src=\"https:\/\/www.sarobeurnieta.eus\/wp-content\/uploads\/2026\/04\/kontzertu_pedagogikoa_-1-1024x576.jpg\" alt=\"\" class=\"wp-image-15448\" srcset=\"https:\/\/www.sarobeurnieta.eus\/wp-content\/uploads\/2026\/04\/kontzertu_pedagogikoa_-1-1024x576.jpg 1024w, https:\/\/www.sarobeurnieta.eus\/wp-content\/uploads\/2026\/04\/kontzertu_pedagogikoa_-1-300x169.jpg 300w, https:\/\/www.sarobeurnieta.eus\/wp-content\/uploads\/2026\/04\/kontzertu_pedagogikoa_-1-768x432.jpg 768w, https:\/\/www.sarobeurnieta.eus\/wp-content\/uploads\/2026\/04\/kontzertu_pedagogikoa_-1-1536x864.jpg 1536w, https:\/\/www.sarobeurnieta.eus\/wp-content\/uploads\/2026\/04\/kontzertu_pedagogikoa_-1-2048x1152.jpg 2048w\" sizes=\"auto, (max-width: 1024px) 100vw, 1024px\" \/><\/figure>\n\n<\/div><\/div>\n\n<div class=\"gb-grid-column gb-grid-column-de1b62ea\"><div class=\"gb-container gb-container-de1b62ea\">\n\n<figure class=\"wp-block-image size-large\"><img loading=\"lazy\" decoding=\"async\" width=\"1024\" height=\"577\" src=\"https:\/\/www.sarobeurnieta.eus\/wp-content\/uploads\/2026\/04\/kontzertu_pegagikoa-3-1024x577.jpg\" alt=\"\" class=\"wp-image-15450\" srcset=\"https:\/\/www.sarobeurnieta.eus\/wp-content\/uploads\/2026\/04\/kontzertu_pegagikoa-3-1024x577.jpg 1024w, https:\/\/www.sarobeurnieta.eus\/wp-content\/uploads\/2026\/04\/kontzertu_pegagikoa-3-300x169.jpg 300w, https:\/\/www.sarobeurnieta.eus\/wp-content\/uploads\/2026\/04\/kontzertu_pegagikoa-3-768x432.jpg 768w, https:\/\/www.sarobeurnieta.eus\/wp-content\/uploads\/2026\/04\/kontzertu_pegagikoa-3-1536x865.jpg 1536w, https:\/\/www.sarobeurnieta.eus\/wp-content\/uploads\/2026\/04\/kontzertu_pegagikoa-3-2048x1153.jpg 2048w\" sizes=\"auto, (max-width: 1024px) 100vw, 1024px\" \/><\/figure>\n\n<\/div><\/div>\n\n<div class=\"gb-grid-column gb-grid-column-3d378df4\"><div class=\"gb-container gb-container-3d378df4\">\n\n<figure class=\"wp-block-image size-large is-resized\"><img loading=\"lazy\" decoding=\"async\" width=\"1024\" height=\"680\" src=\"https:\/\/www.sarobeurnieta.eus\/wp-content\/uploads\/2026\/04\/caratula_blog_maiatza-2-1024x680.jpg\" alt=\"\" class=\"wp-image-15451\" style=\"aspect-ratio:1.5064878182315904;width:365px;height:auto\" srcset=\"https:\/\/www.sarobeurnieta.eus\/wp-content\/uploads\/2026\/04\/caratula_blog_maiatza-2-1024x680.jpg 1024w, https:\/\/www.sarobeurnieta.eus\/wp-content\/uploads\/2026\/04\/caratula_blog_maiatza-2-300x199.jpg 300w, https:\/\/www.sarobeurnieta.eus\/wp-content\/uploads\/2026\/04\/caratula_blog_maiatza-2-768x510.jpg 768w, https:\/\/www.sarobeurnieta.eus\/wp-content\/uploads\/2026\/04\/caratula_blog_maiatza-2.jpg 1300w\" sizes=\"auto, (max-width: 1024px) 100vw, 1024px\" \/><\/figure>\n\n<\/div><\/div>\n<\/div>\n\n\n<p><\/p>\n\n\n\n<p>Esta propuesta ofrece una experiencia de aprendizaje din\u00e1mica que despierta la curiosidad y fomenta la escucha activa. Ver c\u00f3mo se toca cada instrumento y escuchar su sonido en directo abre un mundo de descubrimiento para los m\u00e1s j\u00f3venes, ayud\u00e1ndoles a encontrar el instrumento con el que m\u00e1s conectan.<\/p>\n\n\n\n<p>M\u00e1s que un concierto, es un encuentro que estudiantes y profesorado comparten a trav\u00e9s de la m\u00fasica. En definitiva, una jornada llena de ritmo y diversi\u00f3n que acerca el arte a las aulas y que supone, quiz\u00e1s, la nota fundamental: el preludio del futuro estudiante de m\u00fasica.<\/p>\n\n\n<div class=\"gb-container gb-container-2c4f0e25\">\n\n<p><\/p>\n\n<\/div>","protected":false},"excerpt":{"rendered":"<p>Cada a\u00f1o, el escenario de Sarobe acoge una cita muy especial: los conciertos pedag\u00f3gicos de la Musika Eskola \u2013 Lourdes Iriondo. Esta iniciativa acerca los instrumentos y ritmos al alumnado de HH5, LH1 &#8230; <\/p>\n<p class=\"read-more-container\"><a title=\"El inicio de un viaje musical\" class=\"read-more button\" href=\"https:\/\/www.sarobeurnieta.eus\/es\/el-inicio-de-un-viaje-musical\/#more-15438\" aria-label=\"Leer m\u00e1s sobre El inicio de un viaje musical\">Saber m\u00e1s<\/a><\/p>\n","protected":false},"author":3,"featured_media":15437,"comment_status":"closed","ping_status":"closed","sticky":false,"template":"","format":"standard","meta":{"_acf_changed":false,"inline_featured_image":false,"_EventAllDay":false,"_EventTimezone":"","_EventStartDate":"","_EventEndDate":"","_EventStartDateUTC":"","_EventEndDateUTC":"","_EventShowMap":false,"_EventShowMapLink":false,"_EventURL":"","_EventCost":"","_EventCostDescription":"","_EventCurrencySymbol":"","_EventCurrencyCode":"","_EventCurrencyPosition":"","_EventDateTimeSeparator":"","_EventTimeRangeSeparator":"","_EventOrganizerID":[],"_EventVenueID":[],"_OrganizerEmail":"","_OrganizerPhone":"","_OrganizerWebsite":"","_VenueAddress":"","_VenueCity":"","_VenueCountry":"","_VenueProvince":"","_VenueState":"","_VenueZip":"","_VenuePhone":"","_VenueURL":"","_VenueStateProvince":"","_VenueLat":"","_VenueLng":"","_VenueShowMap":false,"_VenueShowMapLink":false,"footnotes":""},"categories":[1],"tags":[],"class_list":["post-15438","post","type-post","status-publish","format-standard","has-post-thumbnail","hentry","category-sin-categorizar","generate-columns","tablet-grid-50","mobile-grid-100","grid-parent","grid-50","resize-featured-image"],"acf":[],"_links":{"self":[{"href":"https:\/\/www.sarobeurnieta.eus\/es\/wp-json\/wp\/v2\/posts\/15438","targetHints":{"allow":["GET"]}}],"collection":[{"href":"https:\/\/www.sarobeurnieta.eus\/es\/wp-json\/wp\/v2\/posts"}],"about":[{"href":"https:\/\/www.sarobeurnieta.eus\/es\/wp-json\/wp\/v2\/types\/post"}],"author":[{"embeddable":true,"href":"https:\/\/www.sarobeurnieta.eus\/es\/wp-json\/wp\/v2\/users\/3"}],"replies":[{"embeddable":true,"href":"https:\/\/www.sarobeurnieta.eus\/es\/wp-json\/wp\/v2\/comments?post=15438"}],"version-history":[{"count":5,"href":"https:\/\/www.sarobeurnieta.eus\/es\/wp-json\/wp\/v2\/posts\/15438\/revisions"}],"predecessor-version":[{"id":15452,"href":"https:\/\/www.sarobeurnieta.eus\/es\/wp-json\/wp\/v2\/posts\/15438\/revisions\/15452"}],"wp:featuredmedia":[{"embeddable":true,"href":"https:\/\/www.sarobeurnieta.eus\/es\/wp-json\/wp\/v2\/media\/15437"}],"wp:attachment":[{"href":"https:\/\/www.sarobeurnieta.eus\/es\/wp-json\/wp\/v2\/media?parent=15438"}],"wp:term":[{"taxonomy":"category","embeddable":true,"href":"https:\/\/www.sarobeurnieta.eus\/es\/wp-json\/wp\/v2\/categories?post=15438"},{"taxonomy":"post_tag","embeddable":true,"href":"https:\/\/www.sarobeurnieta.eus\/es\/wp-json\/wp\/v2\/tags?post=15438"}],"curies":[{"name":"wp","href":"https:\/\/api.w.org\/{rel}","templated":true}]}}